{"id":3193,"date":"2022-05-29T11:57:37","date_gmt":"2022-05-29T10:57:37","guid":{"rendered":"https:\/\/zinet.si\/zkzp\/?p=3193"},"modified":"2022-06-07T12:00:25","modified_gmt":"2022-06-07T11:00:25","slug":"7-velikonocna-nedelja","status":"publish","type":"post","link":"https:\/\/zinet.si\/zkzp\/7-velikonocna-nedelja\/","title":{"rendered":"7. velikono\u010dna nedelja"},"content":{"rendered":"<p>Godovi v tednu pred nami:<\/p>\n<p>V ponedeljek Kancijan in drugi oglejski mu\u010denci, v torek Obiskanje Device Marije, v sredo Justin, mu\u010denec, v \u010detrtek Erazem, \u0161kof, v petek Ugandski mu\u010denci, v soboto Peter Veronski, mu\u010denec, prihodnjo nedeljo bomo obhajali Binko\u0161ti.<\/p>\n<p>Vzemite novo \u2013 junijsko Rast.<\/p>\n<p>V torek lepo vabljeni k sklepu \u0161marni\u010dne pobo\u017enosti ob 19. uri.<\/p>\n<p>V sredo bomo za\u010deli mesec junij \u2013 ki je posve\u010den Jezusovemu Srcu.<\/p>\n<p>V sredo ob 20h bo ma\u0161a na Rupi.<\/p>\n<p>Petek bo prvi v mesecu, dopoldne bomo obhajal bolne in starej\u0161e, zve\u010der lepo vabljeni k prejemu zakramentov in sveti ma\u0161i na \u010dast Jezusovemu Srcu.<\/p>\n<p>Sobota bo prva v mesecu, po ma\u0161i bomo imeli prvosobotno pobo\u017enost na \u010dast Marijinemu brezmade\u017enemu srcu.<\/p>\n<p>V nedeljo bomo obhajali slovesni binko\u0161tni praznik, praznik Svetega Duha \u2013 sklenili bomo velikono\u010dni \u010das.<\/p>\n<p>V soboto bo za kranjsko dekanijo potekalo romanje dru\u017ein na Brezje. Lepo vabljene dru\u017eine, da se z avtomobili, kolesi ali pe\u0161 odpravite na Brezje, kjer bo ob 10h sveta ma\u0161a. Ve\u010d je napisano v Rasti.<\/p>\n<p>V soboto zve\u010der ob 20h pa vabim mlade v \u017eupnijo Kranj &#8211; \u0160martin, kjer bo molitveno sre\u010danje ob kri\u017eu mladih, ki bo te dni v na\u0161i dekaniji.<\/p>\n<p>Verou\u010dence, ki imate sposojene u\u010dbenike prosim, \u010de jih lahko \u010dimprej vrnete nazaj, da bodo pripravljeni za prihodnje leto.<\/p>\n<p>Na leto\u0161nji poletni oratorij za otroke, ki bo potekal od 22. do 26. avgusta se lahko prijavite preko elektronske prijavnice, ki jo najdete na na\u0161i spletni strani.<\/p>\n","protected":false},"excerpt":{"rendered":"<p>Godovi v tednu pred nami: V ponedeljek Kancijan in drugi oglejski mu\u010denci, v torek Obiskanje Device Marije, v sredo Justin, mu\u010denec, v \u010detrtek Erazem, \u0161kof, v petek Ugandski mu\u010denci, v soboto Peter Veronski, mu\u010denec, prihodnjo&hellip;<\/p>\n","protected":false},"author":1,"featured_media":0,"comment_status":"open","ping_status":"open","sticky":false,"template":"","format":"standard","meta":[],"categories":[39],"tags":[],"acf":[],"_links":{"self":[{"href":"https:\/\/zinet.si\/zkzp\/wp-json\/wp\/v2\/posts\/3193"}],"collection":[{"href":"https:\/\/zinet.si\/zkzp\/wp-json\/wp\/v2\/posts"}],"about":[{"href":"https:\/\/zinet.si\/zkzp\/wp-json\/wp\/v2\/types\/post"}],"author":[{"embeddable":true,"href":"https:\/\/zinet.si\/zkzp\/wp-json\/wp\/v2\/users\/1"}],"replies":[{"embeddable":true,"href":"https:\/\/zinet.si\/zkzp\/wp-json\/wp\/v2\/comments?post=3193"}],"version-history":[{"count":1,"href":"https:\/\/zinet.si\/zkzp\/wp-json\/wp\/v2\/posts\/3193\/revisions"}],"predecessor-version":[{"id":3194,"href":"https:\/\/zinet.si\/zkzp\/wp-json\/wp\/v2\/posts\/3193\/revisions\/3194"}],"wp:attachment":[{"href":"https:\/\/zinet.si\/zkzp\/wp-json\/wp\/v2\/media?parent=3193"}],"wp:term":[{"taxonomy":"category","embeddable":true,"href":"https:\/\/zinet.si\/zkzp\/wp-json\/wp\/v2\/categories?post=3193"},{"taxonomy":"post_tag","embeddable":true,"href":"https:\/\/zinet.si\/zkzp\/wp-json\/wp\/v2\/tags?post=3193"}],"curies":[{"name":"wp","href":"https:\/\/api.w.org\/{rel}","templated":true}]}}