{"id":3205,"date":"2022-03-27T12:03:51","date_gmt":"2022-03-27T11:03:51","guid":{"rendered":"https:\/\/zinet.si\/zkzp\/?p=3205"},"modified":"2022-06-07T12:23:32","modified_gmt":"2022-06-07T11:23:32","slug":"4-postna-nedelja","status":"publish","type":"post","link":"https:\/\/zinet.si\/zkzp\/4-postna-nedelja\/","title":{"rendered":"4. postna nedelja"},"content":{"rendered":"<p>Godovi v tednu pred nami:<\/p>\n<p>V ponedeljek goduje Bojan, knez, v torek \u0160tefan IX., pape\u017e, v sredo Amadej, vojvoda, v \u010detrtek Benjamin, mu\u010denec, v petek Toma\u017e Tolentinski, mu\u010denec, v soboto Fran\u010di\u0161ek Paolski, pu\u0161\u010davnik, prihodnja nedelja bo 5. postna \u2013 tiha nedelja.<\/p>\n<p>Danes ob 14. uri lepo vabljeni k pobo\u017enosti kri\u017eevega pota.<\/p>\n<p>Vzemite novo aprilsko Rast.<\/p>\n<p>Ve\u010derne svete ma\u0161e med tednom bodo od ponedeljka naprej ob 19. uri.<\/p>\n<p>Petek bo prvi v mesecu vabljeni k molitveni uri za nove duhovne poklice, h kri\u017eevemu potu in sveti ma\u0161i. Bolne in starej\u0161e bom obhajal kasneje, pred veliko no\u010djo.<\/p>\n<p>Sobota bo prva v mesecu po ma\u0161i bo prvosobotna pobo\u017enost na \u010dast Marijinemu Brezmade\u017enemu srcu in tiho \u010de\u0161\u010denje Najsvetej\u0161ega.<\/p>\n<p>Prihodnja nedelja bo tiha nedelja, lahko boste dobili olj\u010dne vejice za cvetno nedeljo, va\u0161 dar bo namenjen za vzdr\u017eevanje cerkva v slovenski Istri.<\/p>\n<p>Danes imamo na oglasni deski predstavljenega na\u0161ega svetni\u0161kega kandidata nad\u0161kofa Antona Vovka.<\/p>\n<p>Razstava, ki so jo pripravile \u0160olske sestre in je v \u017eupnijski dvorani bo odprta v soboto in nedeljo ves dan, med tednom od 16. ure naprej.<\/p>\n<p>Poleg oznanjenih ma\u0161 bo \u0161e 7. dan za pokojnega Petra Ke\u0161eta, v petek zve\u010der.<\/p>\n","protected":false},"excerpt":{"rendered":"<p>Godovi v tednu pred nami: V ponedeljek goduje Bojan, knez, v torek \u0160tefan IX., pape\u017e, v sredo Amadej, vojvoda, v \u010detrtek Benjamin, mu\u010denec, v petek Toma\u017e Tolentinski, mu\u010denec, v soboto Fran\u010di\u0161ek Paolski, pu\u0161\u010davnik, prihodnja nedelja&hellip;<\/p>\n","protected":false},"author":1,"featured_media":0,"comment_status":"open","ping_status":"open","sticky":false,"template":"","format":"standard","meta":[],"categories":[39],"tags":[],"acf":[],"_links":{"self":[{"href":"https:\/\/zinet.si\/zkzp\/wp-json\/wp\/v2\/posts\/3205"}],"collection":[{"href":"https:\/\/zinet.si\/zkzp\/wp-json\/wp\/v2\/posts"}],"about":[{"href":"https:\/\/zinet.si\/zkzp\/wp-json\/wp\/v2\/types\/post"}],"author":[{"embeddable":true,"href":"https:\/\/zinet.si\/zkzp\/wp-json\/wp\/v2\/users\/1"}],"replies":[{"embeddable":true,"href":"https:\/\/zinet.si\/zkzp\/wp-json\/wp\/v2\/comments?post=3205"}],"version-history":[{"count":1,"href":"https:\/\/zinet.si\/zkzp\/wp-json\/wp\/v2\/posts\/3205\/revisions"}],"predecessor-version":[{"id":3206,"href":"https:\/\/zinet.si\/zkzp\/wp-json\/wp\/v2\/posts\/3205\/revisions\/3206"}],"wp:attachment":[{"href":"https:\/\/zinet.si\/zkzp\/wp-json\/wp\/v2\/media?parent=3205"}],"wp:term":[{"taxonomy":"category","embeddable":true,"href":"https:\/\/zinet.si\/zkzp\/wp-json\/wp\/v2\/categories?post=3205"},{"taxonomy":"post_tag","embeddable":true,"href":"https:\/\/zinet.si\/zkzp\/wp-json\/wp\/v2\/tags?post=3205"}],"curies":[{"name":"wp","href":"https:\/\/api.w.org\/{rel}","templated":true}]}}